{"id":88348,"date":"2023-09-16T13:40:22","date_gmt":"2023-09-16T13:40:22","guid":{"rendered":"http:\/\/www.bauernstrasse11.de\/?p=88348"},"modified":"2023-09-16T13:42:41","modified_gmt":"2023-09-16T13:42:41","slug":"aktions-und-informationstag-am-8-oktober","status":"publish","type":"post","link":"https:\/\/www.bauernstrasse11.de\/?p=88348","title":{"rendered":"Aktions- und Informationstag am 8. Oktober"},"content":{"rendered":"\n<p>In wenigen Tagen findet im Rahmen des &#8222;Tag der Regionen&#8220; unser Hoffest statt. Zwei Gallowayk\u00e4lber (Bona 10 Monate und Bonni 5 Monate) werden dabei sein. Beide K\u00e4lber haben wir mit der Flasche aufgezogen, sind handzahm und freuen sich \u00fcber eine Streicheleinheit. An diesem Tag gibt es wieder ein buntes Angebot an Bio-Fleisch, Bio-K\u00e4se, Bio-Gem\u00fcse  und Bio-Torten. Aus der Region werden Kr\u00e4utertees (Lockstedt) und Landeier (B\u00f6sdorf) angeboten. Workshops zu Kosmetik aus Rindertalk und zum Br\u00f6tchbacken werden angeboten (Bitte anmelden!). Besonders freuen wir uns, Ihnen Bio-Br\u00f6tchen mit einer Bio-Grillw\u00fcrst, Bio-Rinderpatty oder Bio-Rindergrillfleisch von unseren Galloways anbieten zu k\u00f6nnen. F\u00fcr besonders Interessierte gibt es eine kleine Planwagenfahrt zu der Mutterkuhherde.  Auch daf\u00fcr sind Anmeldungen notwendig. Die Konfirmanden aus Oebisfelde bieten Kaffee und selbstgebackenen Kuchen an.<\/p>\n\n\n\n<p>Es  kann beim Korbflechten aus Weiden zugeguckt und spielerisch gibt es Interessantes zum Biosph\u00e4renreservat Dr\u00f6mling zu lernen.<\/p>\n\n\n\n<p>R\u00e4tzlingen ist auch gut mit dem Regionalzug erreichbar. Parken Sie weitr\u00e4umig.<\/p>\n\n\n\n<p>Anmeldungen unter Tel.: 039057 2429 (Anrufbeantworter) oder bauernstrasse11@gmx.de <\/p>\n","protected":false},"excerpt":{"rendered":"<p>In wenigen Tagen findet im Rahmen des &#8222;Tag der Regionen&#8220; unser Hoffest statt. Zwei Gallowayk\u00e4lber (Bona 10 Monate und Bonni 5 Monate) werden dabei sein. Beide K\u00e4lber haben wir mit der Flasche aufgezogen, sind handzahm und freuen sich \u00fcber eine Streicheleinheit. An diesem Tag gibt es wieder ein buntes Angebot an Bio-Fleisch, Bio-K\u00e4se, Bio-Gem\u00fcse und &hellip; <\/p>\n<p class=\"link-more\"><a href=\"https:\/\/www.bauernstrasse11.de\/?p=88348\" class=\"more-link\"><span class=\"screen-reader-text\">\u201eAktions- und Informationstag am 8. Oktober\u201c<\/span> weiterlesen<\/a><\/p>\n","protected":false},"author":1,"featured_media":0,"comment_status":"closed","ping_status":"open","sticky":false,"template":"","format":"standard","meta":{"footnotes":""},"categories":[1],"tags":[],"class_list":["post-88348","post","type-post","status-publish","format-standard","hentry","category-allgemein"],"_links":{"self":[{"href":"https:\/\/www.bauernstrasse11.de\/index.php?rest_route=\/wp\/v2\/posts\/88348","targetHints":{"allow":["GET"]}}],"collection":[{"href":"https:\/\/www.bauernstrasse11.de\/index.php?rest_route=\/wp\/v2\/posts"}],"about":[{"href":"https:\/\/www.bauernstrasse11.de\/index.php?rest_route=\/wp\/v2\/types\/post"}],"author":[{"embeddable":true,"href":"https:\/\/www.bauernstrasse11.de\/index.php?rest_route=\/wp\/v2\/users\/1"}],"replies":[{"embeddable":true,"href":"https:\/\/www.bauernstrasse11.de\/index.php?rest_route=%2Fwp%2Fv2%2Fcomments&post=88348"}],"version-history":[{"count":3,"href":"https:\/\/www.bauernstrasse11.de\/index.php?rest_route=\/wp\/v2\/posts\/88348\/revisions"}],"predecessor-version":[{"id":88351,"href":"https:\/\/www.bauernstrasse11.de\/index.php?rest_route=\/wp\/v2\/posts\/88348\/revisions\/88351"}],"wp:attachment":[{"href":"https:\/\/www.bauernstrasse11.de\/index.php?rest_route=%2Fwp%2Fv2%2Fmedia&parent=88348"}],"wp:term":[{"taxonomy":"category","embeddable":true,"href":"https:\/\/www.bauernstrasse11.de\/index.php?rest_route=%2Fwp%2Fv2%2Fcategories&post=88348"},{"taxonomy":"post_tag","embeddable":true,"href":"https:\/\/www.bauernstrasse11.de\/index.php?rest_route=%2Fwp%2Fv2%2Ftags&post=88348"}],"curies":[{"name":"wp","href":"https:\/\/api.w.org\/{rel}","templated":true}]}}