{"id":88162,"date":"2022-04-25T13:44:31","date_gmt":"2022-04-25T13:44:31","guid":{"rendered":"http:\/\/www.bauernstrasse11.de\/?p=88162"},"modified":"2022-04-25T13:44:31","modified_gmt":"2022-04-25T13:44:31","slug":"das-gras-waechst-kuehe-haben-gekalbt","status":"publish","type":"post","link":"https:\/\/www.bauernstrasse11.de\/?p=88162","title":{"rendered":"Das Gras w\u00e4chst &#8211; K\u00fche haben gekalbt"},"content":{"rendered":"\n<p>Regen und W\u00e4rme, jetzt kann man dem Gras beim Wachsen zusehen. Die Rinder genie\u00dfen das frische Gras, gerne wird abwechselnd das gute Heu und das frische Gras gefressen.<\/p>\n\n\n\n<figure class=\"wp-block-image size-large\"><a href=\"http:\/\/www.bauernstrasse11.de\/wp-content\/uploads\/Bijou-3.4.22.jpg\"><img loading=\"lazy\" decoding=\"async\" width=\"1024\" height=\"768\" src=\"http:\/\/www.bauernstrasse11.de\/wp-content\/uploads\/Bijou-3.4.22-1024x768.jpg\" alt=\"Bijou, geb. 3.4.2022\" class=\"wp-image-88163\" srcset=\"https:\/\/www.bauernstrasse11.de\/wp-content\/uploads\/Bijou-3.4.22-1024x768.jpg 1024w, https:\/\/www.bauernstrasse11.de\/wp-content\/uploads\/Bijou-3.4.22-300x225.jpg 300w, https:\/\/www.bauernstrasse11.de\/wp-content\/uploads\/Bijou-3.4.22-768x576.jpg 768w, https:\/\/www.bauernstrasse11.de\/wp-content\/uploads\/Bijou-3.4.22.jpg 1280w\" sizes=\"auto, (max-width: 767px) 89vw, (max-width: 1000px) 54vw, (max-width: 1071px) 543px, 580px\" \/><\/a><figcaption>Bijou, geb. 3.4.2022<\/figcaption><\/figure>\n\n\n\n<p class=\"has-text-align-left\">Die Kalbungen verliefen in zwei Wellen. 12 K\u00e4lber kamen im Dezember und Januar zur Welt, 5 wurden im April geboren. Auf 4 K\u00e4lber warten wir noch. Allen geht es gut und die Tiere genie\u00dfen den Fr\u00fchling. In wenigen Tagen werden die Mutterkuhherde und die F\u00e4rsenherde auf die Fr\u00fchlingsweiden wechseln.<\/p>\n\n\n\n<p><\/p>\n\n\n\n<p><\/p>\n","protected":false},"excerpt":{"rendered":"<p>Regen und W\u00e4rme, jetzt kann man dem Gras beim Wachsen zusehen. Die Rinder genie\u00dfen das frische Gras, gerne wird abwechselnd das gute Heu und das frische Gras gefressen. Die Kalbungen verliefen in zwei Wellen. 12 K\u00e4lber kamen im Dezember und Januar zur Welt, 5 wurden im April geboren. Auf 4 K\u00e4lber warten wir noch. Allen &hellip; <\/p>\n<p class=\"link-more\"><a href=\"https:\/\/www.bauernstrasse11.de\/?p=88162\" class=\"more-link\"><span class=\"screen-reader-text\">\u201eDas Gras w\u00e4chst &#8211; K\u00fche haben gekalbt\u201c<\/span> weiterlesen<\/a><\/p>\n","protected":false},"author":1,"featured_media":0,"comment_status":"closed","ping_status":"open","sticky":false,"template":"","format":"standard","meta":{"footnotes":""},"categories":[1],"tags":[],"class_list":["post-88162","post","type-post","status-publish","format-standard","hentry","category-allgemein"],"_links":{"self":[{"href":"https:\/\/www.bauernstrasse11.de\/index.php?rest_route=\/wp\/v2\/posts\/88162","targetHints":{"allow":["GET"]}}],"collection":[{"href":"https:\/\/www.bauernstrasse11.de\/index.php?rest_route=\/wp\/v2\/posts"}],"about":[{"href":"https:\/\/www.bauernstrasse11.de\/index.php?rest_route=\/wp\/v2\/types\/post"}],"author":[{"embeddable":true,"href":"https:\/\/www.bauernstrasse11.de\/index.php?rest_route=\/wp\/v2\/users\/1"}],"replies":[{"embeddable":true,"href":"https:\/\/www.bauernstrasse11.de\/index.php?rest_route=%2Fwp%2Fv2%2Fcomments&post=88162"}],"version-history":[{"count":1,"href":"https:\/\/www.bauernstrasse11.de\/index.php?rest_route=\/wp\/v2\/posts\/88162\/revisions"}],"predecessor-version":[{"id":88164,"href":"https:\/\/www.bauernstrasse11.de\/index.php?rest_route=\/wp\/v2\/posts\/88162\/revisions\/88164"}],"wp:attachment":[{"href":"https:\/\/www.bauernstrasse11.de\/index.php?rest_route=%2Fwp%2Fv2%2Fmedia&parent=88162"}],"wp:term":[{"taxonomy":"category","embeddable":true,"href":"https:\/\/www.bauernstrasse11.de\/index.php?rest_route=%2Fwp%2Fv2%2Fcategories&post=88162"},{"taxonomy":"post_tag","embeddable":true,"href":"https:\/\/www.bauernstrasse11.de\/index.php?rest_route=%2Fwp%2Fv2%2Ftags&post=88162"}],"curies":[{"name":"wp","href":"https:\/\/api.w.org\/{rel}","templated":true}]}}