{"id":720,"date":"2018-07-17T09:00:40","date_gmt":"2018-07-17T09:00:40","guid":{"rendered":"http:\/\/www.bauernstrasse11.de\/?p=720"},"modified":"2018-07-17T09:31:04","modified_gmt":"2018-07-17T09:31:04","slug":"tag-der-region-weil-heimat-lebenig-ist-7-oktober","status":"publish","type":"post","link":"https:\/\/www.bauernstrasse11.de\/?p=720","title":{"rendered":"Tag der Region &#8211; Weil Heimat lebenig ist! &#8211; 7. Oktober,  10 bis 16 Uhr"},"content":{"rendered":"<p>&nbsp;<\/p>\n<p>Am 7. Oktober laden wir auf unserem Hof zum Mitmachen ein. Gemeinsam werden wir Fleisch von den eigenen Rindern grillen, Grillerfahrungen austauschen, Bio-Br\u00f6tchen backen und vegetarische Brotaufstriche aus Beeren und Kr\u00e4utern aus dem eigenen Garten herstellen.<\/p>\n<p>Um 10 Uhr startet eine Planwagenfahrt in den R\u00e4tzlinger Dr\u00f6mling. Hier gibt es Informationen \u00fcber das Naturschutzgebiet und einen Besuch zur Mutterkuhherde.<\/p>\n<p>Informationen und Hintergr\u00fcnde zum Demeter Betrieb sowie zur Frage &#8222;Was ist eigentlich eine bio-dynamische Landwirtschaft?&#8220; gibt es den ganzen Tag.<\/p>\n<p>Die Teilnahme an den Aktivit\u00e4ten ist begrenzt. Melden Sie sich konkret bis 5.10.18 an.<\/p>\n<p>12 Pl\u00e4tze f\u00fcr die Planwagenfahrt<\/p>\n<p>7 Personen pro Workshop (Br\u00f6tchen bachen und Brotaufstrich herstellen)<\/p>\n<p><a href=\"http:\/\/www.bauernstrasse11.de\/wp-content\/uploads\/Pr\u00e4parate.jpg\"><img loading=\"lazy\" decoding=\"async\" class=\"alignnone size-full wp-image-721\" src=\"http:\/\/www.bauernstrasse11.de\/wp-content\/uploads\/Pr\u00e4parate.jpg\" alt=\"\" width=\"3216\" height=\"2136\" srcset=\"https:\/\/www.bauernstrasse11.de\/wp-content\/uploads\/Pr\u00e4parate.jpg 3216w, https:\/\/www.bauernstrasse11.de\/wp-content\/uploads\/Pr\u00e4parate-300x199.jpg 300w, https:\/\/www.bauernstrasse11.de\/wp-content\/uploads\/Pr\u00e4parate-768x510.jpg 768w, https:\/\/www.bauernstrasse11.de\/wp-content\/uploads\/Pr\u00e4parate-1024x680.jpg 1024w, https:\/\/www.bauernstrasse11.de\/wp-content\/uploads\/Pr\u00e4parate-250x166.jpg 250w\" sizes=\"auto, (max-width: 767px) 89vw, (max-width: 1000px) 54vw, (max-width: 1071px) 543px, 580px\" \/><\/a><\/p>\n","protected":false},"excerpt":{"rendered":"<p>&nbsp; Am 7. Oktober laden wir auf unserem Hof zum Mitmachen ein. Gemeinsam werden wir Fleisch von den eigenen Rindern grillen, Grillerfahrungen austauschen, Bio-Br\u00f6tchen backen und vegetarische Brotaufstriche aus Beeren und Kr\u00e4utern aus dem eigenen Garten herstellen. Um 10 Uhr startet eine Planwagenfahrt in den R\u00e4tzlinger Dr\u00f6mling. Hier gibt es Informationen \u00fcber das Naturschutzgebiet und &hellip; <\/p>\n<p class=\"link-more\"><a href=\"https:\/\/www.bauernstrasse11.de\/?p=720\" class=\"more-link\"><span class=\"screen-reader-text\">\u201eTag der Region &#8211; Weil Heimat lebenig ist! &#8211; 7. Oktober,  10 bis 16 Uhr\u201c<\/span> weiterlesen<\/a><\/p>\n","protected":false},"author":1,"featured_media":0,"comment_status":"closed","ping_status":"open","sticky":false,"template":"","format":"standard","meta":{"footnotes":""},"categories":[1],"tags":[],"class_list":["post-720","post","type-post","status-publish","format-standard","hentry","category-allgemein"],"_links":{"self":[{"href":"https:\/\/www.bauernstrasse11.de\/index.php?rest_route=\/wp\/v2\/posts\/720","targetHints":{"allow":["GET"]}}],"collection":[{"href":"https:\/\/www.bauernstrasse11.de\/index.php?rest_route=\/wp\/v2\/posts"}],"about":[{"href":"https:\/\/www.bauernstrasse11.de\/index.php?rest_route=\/wp\/v2\/types\/post"}],"author":[{"embeddable":true,"href":"https:\/\/www.bauernstrasse11.de\/index.php?rest_route=\/wp\/v2\/users\/1"}],"replies":[{"embeddable":true,"href":"https:\/\/www.bauernstrasse11.de\/index.php?rest_route=%2Fwp%2Fv2%2Fcomments&post=720"}],"version-history":[{"count":2,"href":"https:\/\/www.bauernstrasse11.de\/index.php?rest_route=\/wp\/v2\/posts\/720\/revisions"}],"predecessor-version":[{"id":723,"href":"https:\/\/www.bauernstrasse11.de\/index.php?rest_route=\/wp\/v2\/posts\/720\/revisions\/723"}],"wp:attachment":[{"href":"https:\/\/www.bauernstrasse11.de\/index.php?rest_route=%2Fwp%2Fv2%2Fmedia&parent=720"}],"wp:term":[{"taxonomy":"category","embeddable":true,"href":"https:\/\/www.bauernstrasse11.de\/index.php?rest_route=%2Fwp%2Fv2%2Fcategories&post=720"},{"taxonomy":"post_tag","embeddable":true,"href":"https:\/\/www.bauernstrasse11.de\/index.php?rest_route=%2Fwp%2Fv2%2Ftags&post=720"}],"curies":[{"name":"wp","href":"https:\/\/api.w.org\/{rel}","templated":true}]}}