{"id":646,"date":"2017-10-05T20:24:21","date_gmt":"2017-10-05T20:24:21","guid":{"rendered":"http:\/\/www.bauernstrasse11.de\/?p=646"},"modified":"2017-10-05T20:24:21","modified_gmt":"2017-10-05T20:24:21","slug":"tag-der-regionen-2017-8-10-2017-ab-1000-uhr","status":"publish","type":"post","link":"https:\/\/www.bauernstrasse11.de\/?p=646","title":{"rendered":"Tag der Regionen 2017 &#8211; 8.10.2017, ab 10:00 Uhr"},"content":{"rendered":"<p><a href=\"http:\/\/www.bauernstrasse11.de\/wp-content\/uploads\/8.-Oktober.pdf\">8. Oktober<\/a><\/p>\n<p><strong>Tag der Regionen: Wer weiter denkt- kauft n\u00e4her ein!<\/strong><\/p>\n<p><strong>08. Oktober 2017, 10.00 Uhr R\u00e4tzlingen, Hof Lauenroth-Mago<\/strong><br \/>\n<strong>Erlebnistag auf Demeter-Hof Lauenroth-Mago in R\u00e4tzlingen<\/strong><br \/>\nKochen \u2013 singen \u2013 essen \u2013 Austausch \u00fcber Rindfleischverarbeitung &#8211; Pferde streicheln\u2013 Kutsche fahren \u2013 Informationen zur bio-dynamischen Landwirtschaft und Mutterkuhhaltung. 10:00 Uhr \u201eRundum gen\u00e4hrt auf Grundlage der Anthroposophischen Ern\u00e4hrungslehre am Beispiel einer Suppe\u201c. (Gespr\u00e4ch und aktive Beteiligung an der Zubereitung ca. 2,5 h) mit Katrin Langheinrich.<br \/>\n14:00 Uhr Gemeinsames Singen. Ca. 1-st\u00fcndige Kutschfahrten zu den Galloways werden nach Bedarf durchgef\u00fchrt. Mittags (ab 12 h) k\u00f6nnen Gallowaygrillw\u00fcrtschen und Gallowaybraten probiert werden.<br \/>\nKontakt: Galloway-Zuchtbetrieb, J\u00f6rg Lauenroth-Mago, Lindenstra\u00dfe 11, 39359 R\u00e4tzlingen,<br \/>\nTel. 039057-2429, E-Mail: L-Mago@t-online.de, www.bauernstrasse11.de<\/p>\n","protected":false},"excerpt":{"rendered":"<p>8. Oktober Tag der Regionen: Wer weiter denkt- kauft n\u00e4her ein! 08. Oktober 2017, 10.00 Uhr R\u00e4tzlingen, Hof Lauenroth-Mago Erlebnistag auf Demeter-Hof Lauenroth-Mago in R\u00e4tzlingen Kochen \u2013 singen \u2013 essen \u2013 Austausch \u00fcber Rindfleischverarbeitung &#8211; Pferde streicheln\u2013 Kutsche fahren \u2013 Informationen zur bio-dynamischen Landwirtschaft und Mutterkuhhaltung. 10:00 Uhr \u201eRundum gen\u00e4hrt auf Grundlage der Anthroposophischen Ern\u00e4hrungslehre &hellip; <\/p>\n<p class=\"link-more\"><a href=\"https:\/\/www.bauernstrasse11.de\/?p=646\" class=\"more-link\"><span class=\"screen-reader-text\">\u201eTag der Regionen 2017 &#8211; 8.10.2017, ab 10:00 Uhr\u201c<\/span> weiterlesen<\/a><\/p>\n","protected":false},"author":1,"featured_media":0,"comment_status":"closed","ping_status":"open","sticky":false,"template":"","format":"standard","meta":{"footnotes":""},"categories":[1],"tags":[],"class_list":["post-646","post","type-post","status-publish","format-standard","hentry","category-allgemein"],"_links":{"self":[{"href":"https:\/\/www.bauernstrasse11.de\/index.php?rest_route=\/wp\/v2\/posts\/646","targetHints":{"allow":["GET"]}}],"collection":[{"href":"https:\/\/www.bauernstrasse11.de\/index.php?rest_route=\/wp\/v2\/posts"}],"about":[{"href":"https:\/\/www.bauernstrasse11.de\/index.php?rest_route=\/wp\/v2\/types\/post"}],"author":[{"embeddable":true,"href":"https:\/\/www.bauernstrasse11.de\/index.php?rest_route=\/wp\/v2\/users\/1"}],"replies":[{"embeddable":true,"href":"https:\/\/www.bauernstrasse11.de\/index.php?rest_route=%2Fwp%2Fv2%2Fcomments&post=646"}],"version-history":[{"count":1,"href":"https:\/\/www.bauernstrasse11.de\/index.php?rest_route=\/wp\/v2\/posts\/646\/revisions"}],"predecessor-version":[{"id":648,"href":"https:\/\/www.bauernstrasse11.de\/index.php?rest_route=\/wp\/v2\/posts\/646\/revisions\/648"}],"wp:attachment":[{"href":"https:\/\/www.bauernstrasse11.de\/index.php?rest_route=%2Fwp%2Fv2%2Fmedia&parent=646"}],"wp:term":[{"taxonomy":"category","embeddable":true,"href":"https:\/\/www.bauernstrasse11.de\/index.php?rest_route=%2Fwp%2Fv2%2Fcategories&post=646"},{"taxonomy":"post_tag","embeddable":true,"href":"https:\/\/www.bauernstrasse11.de\/index.php?rest_route=%2Fwp%2Fv2%2Ftags&post=646"}],"curies":[{"name":"wp","href":"https:\/\/api.w.org\/{rel}","templated":true}]}}