{"id":23838,"date":"2020-10-16T16:29:23","date_gmt":"2020-10-16T16:29:23","guid":{"rendered":"http:\/\/www.bauernstrasse11.de\/?p=23838"},"modified":"2020-10-16T16:29:23","modified_gmt":"2020-10-16T16:29:23","slug":"alles-bio-beim-bauern","status":"publish","type":"post","link":"https:\/\/www.bauernstrasse11.de\/?p=23838","title":{"rendered":"&#8222;Alles Bio beim Bauern&#8220;"},"content":{"rendered":"\n<p>Bei bestem Wetter und immer mit dem notwendigen Sicherheitsabstand fand ein wundersch\u00f6nes Hoffest im Rahmen des &#8222;Tag der Regionen&#8220; statt. Zu erleben gab es eine Vielzahl \u00f6kologisch hergestellter Produkte. Bio-\u00c4pfel, Bio-K\u00e4se, Bio-Honig, Bio-Kr\u00e4uter, Bio-Kuchen, Bio-Gem\u00fcse und nat\u00fcrlich Bio-Grillw\u00fcrste und Bio-Burger vom Demeter Galloway-Rind. Wer diesmal nicht dabei sein konnte, das n\u00e4chste Hoffest findet am 10. Oktober 2021 statt.<\/p>\n\n\n\n<p>Ausf\u00fchrlich wurde \u00fcber das Hoffest in der Volksstimme und der Altmark-Zeitung berichtet.<\/p>\n\n\n\n<p><img loading=\"lazy\" decoding=\"async\" width=\"240\" height=\"201\" class=\"wp-image-23833\" style=\"width: 240px;\" src=\"http:\/\/www.bauernstrasse11.de\/wp-content\/uploads\/Hoffest-11.10.20-2.jpg\" alt=\"\" srcset=\"https:\/\/www.bauernstrasse11.de\/wp-content\/uploads\/Hoffest-11.10.20-2.jpg 1497w, https:\/\/www.bauernstrasse11.de\/wp-content\/uploads\/Hoffest-11.10.20-2-300x251.jpg 300w, https:\/\/www.bauernstrasse11.de\/wp-content\/uploads\/Hoffest-11.10.20-2-768x642.jpg 768w, https:\/\/www.bauernstrasse11.de\/wp-content\/uploads\/Hoffest-11.10.20-2-1024x856.jpg 1024w\" sizes=\"auto, (max-width: 240px) 100vw, 240px\" \/>                  <img loading=\"lazy\" decoding=\"async\" width=\"108\" height=\"202\" class=\"wp-image-23834\" style=\"width: 108px;\" src=\"http:\/\/www.bauernstrasse11.de\/wp-content\/uploads\/Hoffest-11.10.20-1.jpg\" alt=\"\" srcset=\"https:\/\/www.bauernstrasse11.de\/wp-content\/uploads\/Hoffest-11.10.20-1.jpg 961w, https:\/\/www.bauernstrasse11.de\/wp-content\/uploads\/Hoffest-11.10.20-1-160x300.jpg 160w, https:\/\/www.bauernstrasse11.de\/wp-content\/uploads\/Hoffest-11.10.20-1-768x1436.jpg 768w, https:\/\/www.bauernstrasse11.de\/wp-content\/uploads\/Hoffest-11.10.20-1-548x1024.jpg 548w\" sizes=\"auto, (max-width: 108px) 100vw, 108px\" \/>              <img loading=\"lazy\" decoding=\"async\" width=\"150\" height=\"215\" class=\"wp-image-23832\" style=\"width: 150px;\" src=\"http:\/\/www.bauernstrasse11.de\/wp-content\/uploads\/Hoffest-11.10.20-3.jpg\" alt=\"\" srcset=\"https:\/\/www.bauernstrasse11.de\/wp-content\/uploads\/Hoffest-11.10.20-3.jpg 1311w, https:\/\/www.bauernstrasse11.de\/wp-content\/uploads\/Hoffest-11.10.20-3-209x300.jpg 209w, https:\/\/www.bauernstrasse11.de\/wp-content\/uploads\/Hoffest-11.10.20-3-768x1102.jpg 768w, https:\/\/www.bauernstrasse11.de\/wp-content\/uploads\/Hoffest-11.10.20-3-713x1024.jpg 713w\" sizes=\"auto, (max-width: 150px) 100vw, 150px\" \/> <\/p>\n","protected":false},"excerpt":{"rendered":"<p>Bei bestem Wetter und immer mit dem notwendigen Sicherheitsabstand fand ein wundersch\u00f6nes Hoffest im Rahmen des &#8222;Tag der Regionen&#8220; statt. Zu erleben gab es eine Vielzahl \u00f6kologisch hergestellter Produkte. Bio-\u00c4pfel, Bio-K\u00e4se, Bio-Honig, Bio-Kr\u00e4uter, Bio-Kuchen, Bio-Gem\u00fcse und nat\u00fcrlich Bio-Grillw\u00fcrste und Bio-Burger vom Demeter Galloway-Rind. Wer diesmal nicht dabei sein konnte, das n\u00e4chste Hoffest findet am 10. &hellip; <\/p>\n<p class=\"link-more\"><a href=\"https:\/\/www.bauernstrasse11.de\/?p=23838\" class=\"more-link\"><span class=\"screen-reader-text\">\u201e&#8222;Alles Bio beim Bauern&#8220;\u201c<\/span> weiterlesen<\/a><\/p>\n","protected":false},"author":1,"featured_media":0,"comment_status":"closed","ping_status":"open","sticky":false,"template":"","format":"standard","meta":{"footnotes":""},"categories":[1],"tags":[],"class_list":["post-23838","post","type-post","status-publish","format-standard","hentry","category-allgemein"],"_links":{"self":[{"href":"https:\/\/www.bauernstrasse11.de\/index.php?rest_route=\/wp\/v2\/posts\/23838","targetHints":{"allow":["GET"]}}],"collection":[{"href":"https:\/\/www.bauernstrasse11.de\/index.php?rest_route=\/wp\/v2\/posts"}],"about":[{"href":"https:\/\/www.bauernstrasse11.de\/index.php?rest_route=\/wp\/v2\/types\/post"}],"author":[{"embeddable":true,"href":"https:\/\/www.bauernstrasse11.de\/index.php?rest_route=\/wp\/v2\/users\/1"}],"replies":[{"embeddable":true,"href":"https:\/\/www.bauernstrasse11.de\/index.php?rest_route=%2Fwp%2Fv2%2Fcomments&post=23838"}],"version-history":[{"count":1,"href":"https:\/\/www.bauernstrasse11.de\/index.php?rest_route=\/wp\/v2\/posts\/23838\/revisions"}],"predecessor-version":[{"id":23839,"href":"https:\/\/www.bauernstrasse11.de\/index.php?rest_route=\/wp\/v2\/posts\/23838\/revisions\/23839"}],"wp:attachment":[{"href":"https:\/\/www.bauernstrasse11.de\/index.php?rest_route=%2Fwp%2Fv2%2Fmedia&parent=23838"}],"wp:term":[{"taxonomy":"category","embeddable":true,"href":"https:\/\/www.bauernstrasse11.de\/index.php?rest_route=%2Fwp%2Fv2%2Fcategories&post=23838"},{"taxonomy":"post_tag","embeddable":true,"href":"https:\/\/www.bauernstrasse11.de\/index.php?rest_route=%2Fwp%2Fv2%2Ftags&post=23838"}],"curies":[{"name":"wp","href":"https:\/\/api.w.org\/{rel}","templated":true}]}}